{"id":1216,"date":"2025-03-28T16:10:38","date_gmt":"2025-03-28T16:10:38","guid":{"rendered":"https:\/\/www.palletcontroltower.eu\/?post_type=actueel&#038;p=1216"},"modified":"2025-03-28T16:13:06","modified_gmt":"2025-03-28T16:13:06","slug":"a-pallet-control-tower-assina-um-acordo-estrategico-com-o-obb-rail-cargo-group","status":"publish","type":"actueel","link":"https:\/\/www.palletcontroltower.eu\/pt\/actueel\/pallet-control-tower-tekent-strategische-overeenkomst-met-obb-rail-cargo-group\/","title":{"rendered":"A Pallet Control Tower assina um acordo estrat\u00e9gico com o \u00d6BB Rail Cargo Group."},"content":{"rendered":"<p>Um dos maiores transportadores da Europa, o Rail Cargo Group (RCG) da \u00d6BB, assinou um acordo de princ\u00edpio com a PCT. O RCG e os seus clientes utilizar\u00e3o a plataforma em linha para a recolha, entrega e correspond\u00eancia de, especificamente, a sua pr\u00f3pria palete EUR. Esta ser\u00e1 utilizada exclusivamente pela RCG em todos os seus pr\u00f3prios transportes. O objetivo \u00e9 trocar paletes vazias \u00e0 menor dist\u00e2ncia poss\u00edvel umas das outras, para que possam ser utilizadas novamente no transporte seguinte. A reutiliza\u00e7\u00e3o de paletes enquadra-se perfeitamente nas diretrizes europeias relativas ao PPWR e torna a utiliza\u00e7\u00e3o da palete austr\u00edaca EUR na Europa (e fora dela) mais est\u00e1vel e mais forte.<\/p>\n\n\n\n<p>Ler mais <a href=\"https:\/\/presse-oebb.at\/news-oebb-rail-cargo-group-announces-strategic-partnership-with-pallet-control-tower?id=214990&amp;menueid=29817&amp;l=english\" target=\"_blank\" rel=\"noreferrer noopener\">h<\/a><a href=\"https:\/\/presse-oebb.at\/news-oebb-rail-cargo-group-announces-strategic-partnership-with-pallet-control-tower?id=214990&amp;menueid=29817&amp;l=english\">ou seja<\/a>r mais sobre.<\/p>\n\n\n\n<figure class=\"wp-block-image size-large\"><img fetchpriority=\"high\" decoding=\"async\" width=\"1024\" height=\"576\" src=\"https:\/\/www.palletcontroltower.eu\/wp-content\/uploads\/2025\/03\/OBB-RCG-and-Pallet-Control-Tower-1024x576.jpg\" alt=\"\" class=\"wp-image-1218\" srcset=\"https:\/\/www.palletcontroltower.eu\/wp-content\/uploads\/2025\/03\/OBB-RCG-and-Pallet-Control-Tower-1024x576.jpg 1024w, https:\/\/www.palletcontroltower.eu\/wp-content\/uploads\/2025\/03\/OBB-RCG-and-Pallet-Control-Tower-300x169.jpg 300w, https:\/\/www.palletcontroltower.eu\/wp-content\/uploads\/2025\/03\/OBB-RCG-and-Pallet-Control-Tower-768x432.jpg 768w, https:\/\/www.palletcontroltower.eu\/wp-content\/uploads\/2025\/03\/OBB-RCG-and-Pallet-Control-Tower-1536x864.jpg 1536w, https:\/\/www.palletcontroltower.eu\/wp-content\/uploads\/2025\/03\/OBB-RCG-and-Pallet-Control-Tower-18x10.jpg 18w, https:\/\/www.palletcontroltower.eu\/wp-content\/uploads\/2025\/03\/OBB-RCG-and-Pallet-Control-Tower.jpg 1600w\" sizes=\"(max-width: 1024px) 100vw, 1024px\" \/><\/figure>\n\n\n\n<p>Bart Meijnen, Diretor Executivo da Pallet Control Tower, e Thomas Metlich, Coordenador da EUR-Pallet \u00d6BB, apertam as m\u00e3os por ocasi\u00e3o do acordo. <\/p>","protected":false},"template":"","class_list":["post-1216","actueel","type-actueel","status-publish","hentry"],"yoast_head":"<!-- This site is optimized with the Yoast SEO plugin v27.3 - https:\/\/yoast.com\/product\/yoast-seo-wordpress\/ -->\n<title>Pallet Control Tower tekent strategische overeenkomst met \u00d6BB Rail Cargo Group. - Pallet Control Tower<\/title>\n<meta name=\"robots\" content=\"index, follow, max-snippet:-1, max-image-preview:large, max-video-preview:-1\" \/>\n<link rel=\"canonical\" href=\"https:\/\/www.palletcontroltower.eu\/pt\/atual\/a-pallet-control-tower-assina-um-acordo-estrategico-com-o-obb-rail-cargo-group\/\" \/>\n<meta property=\"og:locale\" content=\"pt_PT\" \/>\n<meta property=\"og:type\" content=\"article\" \/>\n<meta property=\"og:title\" content=\"Pallet Control Tower tekent strategische overeenkomst met \u00d6BB Rail Cargo Group. - Pallet Control Tower\" \/>\n<meta property=\"og:description\" content=\"Een van de grootste Europese vervoerders, de Rail Cargo Group (RCG) van de \u00d6BB, heeft een principe overeenkomst getekend met PCT. RCG en haar klanten zullen het online platform gebruiken voor de Collection, Delivery en Matching van, specifiek, de eigen EUR pallet. Deze wordt door RCG exclusief gebruikt bij alle eigen transporten. Doel is om [&hellip;]\" \/>\n<meta property=\"og:url\" content=\"https:\/\/www.palletcontroltower.eu\/pt\/atual\/a-pallet-control-tower-assina-um-acordo-estrategico-com-o-obb-rail-cargo-group\/\" \/>\n<meta property=\"og:site_name\" content=\"Pallet Control Tower\" \/>\n<meta property=\"article:modified_time\" content=\"2025-03-28T16:13:06+00:00\" \/>\n<meta property=\"og:image\" content=\"https:\/\/www.palletcontroltower.eu\/wp-content\/uploads\/2025\/03\/OBB-RCG-and-Pallet-Control-Tower.jpg\" \/>\n\t<meta property=\"og:image:width\" content=\"1600\" \/>\n\t<meta property=\"og:image:height\" content=\"900\" \/>\n\t<meta property=\"og:image:type\" content=\"image\/jpeg\" \/>\n<meta name=\"twitter:card\" content=\"summary_large_image\" \/>\n<meta name=\"twitter:label1\" content=\"Tempo estimado de leitura\" \/>\n\t<meta name=\"twitter:data1\" content=\"1 minuto\" \/>\n<script type=\"application\/ld+json\" class=\"yoast-schema-graph\">{\"@context\":\"https:\\\/\\\/schema.org\",\"@graph\":[{\"@type\":\"WebPage\",\"@id\":\"https:\\\/\\\/www.palletcontroltower.eu\\\/actueel\\\/pallet-control-tower-tekent-strategische-overeenkomst-met-obb-rail-cargo-group\\\/\",\"url\":\"https:\\\/\\\/www.palletcontroltower.eu\\\/actueel\\\/pallet-control-tower-tekent-strategische-overeenkomst-met-obb-rail-cargo-group\\\/\",\"name\":\"Pallet Control Tower tekent strategische overeenkomst met \u00d6BB Rail Cargo Group. - Pallet Control Tower\",\"isPartOf\":{\"@id\":\"https:\\\/\\\/www.palletcontroltower.eu\\\/#website\"},\"primaryImageOfPage\":{\"@id\":\"https:\\\/\\\/www.palletcontroltower.eu\\\/actueel\\\/pallet-control-tower-tekent-strategische-overeenkomst-met-obb-rail-cargo-group\\\/#primaryimage\"},\"image\":{\"@id\":\"https:\\\/\\\/www.palletcontroltower.eu\\\/actueel\\\/pallet-control-tower-tekent-strategische-overeenkomst-met-obb-rail-cargo-group\\\/#primaryimage\"},\"thumbnailUrl\":\"https:\\\/\\\/www.palletcontroltower.eu\\\/wp-content\\\/uploads\\\/2025\\\/03\\\/OBB-RCG-and-Pallet-Control-Tower-1024x576.jpg\",\"datePublished\":\"2025-03-28T16:10:38+00:00\",\"dateModified\":\"2025-03-28T16:13:06+00:00\",\"breadcrumb\":{\"@id\":\"https:\\\/\\\/www.palletcontroltower.eu\\\/actueel\\\/pallet-control-tower-tekent-strategische-overeenkomst-met-obb-rail-cargo-group\\\/#breadcrumb\"},\"inLanguage\":\"pt-PT\",\"potentialAction\":[{\"@type\":\"ReadAction\",\"target\":[\"https:\\\/\\\/www.palletcontroltower.eu\\\/actueel\\\/pallet-control-tower-tekent-strategische-overeenkomst-met-obb-rail-cargo-group\\\/\"]}]},{\"@type\":\"ImageObject\",\"inLanguage\":\"pt-PT\",\"@id\":\"https:\\\/\\\/www.palletcontroltower.eu\\\/actueel\\\/pallet-control-tower-tekent-strategische-overeenkomst-met-obb-rail-cargo-group\\\/#primaryimage\",\"url\":\"https:\\\/\\\/www.palletcontroltower.eu\\\/wp-content\\\/uploads\\\/2025\\\/03\\\/OBB-RCG-and-Pallet-Control-Tower-1024x576.jpg\",\"contentUrl\":\"https:\\\/\\\/www.palletcontroltower.eu\\\/wp-content\\\/uploads\\\/2025\\\/03\\\/OBB-RCG-and-Pallet-Control-Tower-1024x576.jpg\"},{\"@type\":\"BreadcrumbList\",\"@id\":\"https:\\\/\\\/www.palletcontroltower.eu\\\/actueel\\\/pallet-control-tower-tekent-strategische-overeenkomst-met-obb-rail-cargo-group\\\/#breadcrumb\",\"itemListElement\":[{\"@type\":\"ListItem\",\"position\":1,\"name\":\"Home\",\"item\":\"https:\\\/\\\/www.palletcontroltower.eu\\\/\"},{\"@type\":\"ListItem\",\"position\":2,\"name\":\"Pallet Control Tower tekent strategische overeenkomst met \u00d6BB Rail Cargo Group.\"}]},{\"@type\":\"WebSite\",\"@id\":\"https:\\\/\\\/www.palletcontroltower.eu\\\/#website\",\"url\":\"https:\\\/\\\/www.palletcontroltower.eu\\\/\",\"name\":\"Pallet Control Tower\",\"description\":\"\",\"publisher\":{\"@id\":\"https:\\\/\\\/www.palletcontroltower.eu\\\/#organization\"},\"potentialAction\":[{\"@type\":\"SearchAction\",\"target\":{\"@type\":\"EntryPoint\",\"urlTemplate\":\"https:\\\/\\\/www.palletcontroltower.eu\\\/?s={search_term_string}\"},\"query-input\":{\"@type\":\"PropertyValueSpecification\",\"valueRequired\":true,\"valueName\":\"search_term_string\"}}],\"inLanguage\":\"pt-PT\"},{\"@type\":\"Organization\",\"@id\":\"https:\\\/\\\/www.palletcontroltower.eu\\\/#organization\",\"name\":\"Pallet Control Tower\",\"url\":\"https:\\\/\\\/www.palletcontroltower.eu\\\/\",\"logo\":{\"@type\":\"ImageObject\",\"inLanguage\":\"pt-PT\",\"@id\":\"https:\\\/\\\/www.palletcontroltower.eu\\\/#\\\/schema\\\/logo\\\/image\\\/\",\"url\":\"https:\\\/\\\/www.palletcontroltower.eu\\\/wp-content\\\/uploads\\\/2023\\\/10\\\/logo.svg\",\"contentUrl\":\"https:\\\/\\\/www.palletcontroltower.eu\\\/wp-content\\\/uploads\\\/2023\\\/10\\\/logo.svg\",\"width\":290,\"height\":87,\"caption\":\"Pallet Control Tower\"},\"image\":{\"@id\":\"https:\\\/\\\/www.palletcontroltower.eu\\\/#\\\/schema\\\/logo\\\/image\\\/\"}}]}<\/script>\n<!-- \/ Yoast SEO plugin. -->","yoast_head_json":{"title":"A Pallet Control Tower assina um acordo estrat\u00e9gico com o \u00d6BB Rail Cargo Group - Torre de Controlo de Paletes","robots":{"index":"index","follow":"follow","max-snippet":"max-snippet:-1","max-image-preview":"max-image-preview:large","max-video-preview":"max-video-preview:-1"},"canonical":"https:\/\/www.palletcontroltower.eu\/pt\/atual\/a-pallet-control-tower-assina-um-acordo-estrategico-com-o-obb-rail-cargo-group\/","og_locale":"pt_PT","og_type":"article","og_title":"Pallet Control Tower tekent strategische overeenkomst met \u00d6BB Rail Cargo Group. - Pallet Control Tower","og_description":"Een van de grootste Europese vervoerders, de Rail Cargo Group (RCG) van de \u00d6BB, heeft een principe overeenkomst getekend met PCT. RCG en haar klanten zullen het online platform gebruiken voor de Collection, Delivery en Matching van, specifiek, de eigen EUR pallet. Deze wordt door RCG exclusief gebruikt bij alle eigen transporten. Doel is om [&hellip;]","og_url":"https:\/\/www.palletcontroltower.eu\/pt\/atual\/a-pallet-control-tower-assina-um-acordo-estrategico-com-o-obb-rail-cargo-group\/","og_site_name":"Pallet Control Tower","article_modified_time":"2025-03-28T16:13:06+00:00","og_image":[{"width":1600,"height":900,"url":"https:\/\/www.palletcontroltower.eu\/wp-content\/uploads\/2025\/03\/OBB-RCG-and-Pallet-Control-Tower.jpg","type":"image\/jpeg"}],"twitter_card":"summary_large_image","twitter_misc":{"Tempo estimado de leitura":"1 minuto"},"schema":{"@context":"https:\/\/schema.org","@graph":[{"@type":"WebPage","@id":"https:\/\/www.palletcontroltower.eu\/actueel\/pallet-control-tower-tekent-strategische-overeenkomst-met-obb-rail-cargo-group\/","url":"https:\/\/www.palletcontroltower.eu\/actueel\/pallet-control-tower-tekent-strategische-overeenkomst-met-obb-rail-cargo-group\/","name":"A Pallet Control Tower assina um acordo estrat\u00e9gico com o \u00d6BB Rail Cargo Group - Torre de Controlo de Paletes","isPartOf":{"@id":"https:\/\/www.palletcontroltower.eu\/#website"},"primaryImageOfPage":{"@id":"https:\/\/www.palletcontroltower.eu\/actueel\/pallet-control-tower-tekent-strategische-overeenkomst-met-obb-rail-cargo-group\/#primaryimage"},"image":{"@id":"https:\/\/www.palletcontroltower.eu\/actueel\/pallet-control-tower-tekent-strategische-overeenkomst-met-obb-rail-cargo-group\/#primaryimage"},"thumbnailUrl":"https:\/\/www.palletcontroltower.eu\/wp-content\/uploads\/2025\/03\/OBB-RCG-and-Pallet-Control-Tower-1024x576.jpg","datePublished":"2025-03-28T16:10:38+00:00","dateModified":"2025-03-28T16:13:06+00:00","breadcrumb":{"@id":"https:\/\/www.palletcontroltower.eu\/actueel\/pallet-control-tower-tekent-strategische-overeenkomst-met-obb-rail-cargo-group\/#breadcrumb"},"inLanguage":"pt-PT","potentialAction":[{"@type":"ReadAction","target":["https:\/\/www.palletcontroltower.eu\/actueel\/pallet-control-tower-tekent-strategische-overeenkomst-met-obb-rail-cargo-group\/"]}]},{"@type":"ImageObject","inLanguage":"pt-PT","@id":"https:\/\/www.palletcontroltower.eu\/actueel\/pallet-control-tower-tekent-strategische-overeenkomst-met-obb-rail-cargo-group\/#primaryimage","url":"https:\/\/www.palletcontroltower.eu\/wp-content\/uploads\/2025\/03\/OBB-RCG-and-Pallet-Control-Tower-1024x576.jpg","contentUrl":"https:\/\/www.palletcontroltower.eu\/wp-content\/uploads\/2025\/03\/OBB-RCG-and-Pallet-Control-Tower-1024x576.jpg"},{"@type":"BreadcrumbList","@id":"https:\/\/www.palletcontroltower.eu\/actueel\/pallet-control-tower-tekent-strategische-overeenkomst-met-obb-rail-cargo-group\/#breadcrumb","itemListElement":[{"@type":"ListItem","position":1,"name":"Home","item":"https:\/\/www.palletcontroltower.eu\/"},{"@type":"ListItem","position":2,"name":"Pallet Control Tower tekent strategische overeenkomst met \u00d6BB Rail Cargo Group."}]},{"@type":"WebSite","@id":"https:\/\/www.palletcontroltower.eu\/#website","url":"https:\/\/www.palletcontroltower.eu\/","name":"Torre de controlo de paletes","description":"","publisher":{"@id":"https:\/\/www.palletcontroltower.eu\/#organization"},"potentialAction":[{"@type":"SearchAction","target":{"@type":"EntryPoint","urlTemplate":"https:\/\/www.palletcontroltower.eu\/?s={search_term_string}"},"query-input":{"@type":"PropertyValueSpecification","valueRequired":true,"valueName":"search_term_string"}}],"inLanguage":"pt-PT"},{"@type":"Organization","@id":"https:\/\/www.palletcontroltower.eu\/#organization","name":"Torre de controlo de paletes","url":"https:\/\/www.palletcontroltower.eu\/","logo":{"@type":"ImageObject","inLanguage":"pt-PT","@id":"https:\/\/www.palletcontroltower.eu\/#\/schema\/logo\/image\/","url":"https:\/\/www.palletcontroltower.eu\/wp-content\/uploads\/2023\/10\/logo.svg","contentUrl":"https:\/\/www.palletcontroltower.eu\/wp-content\/uploads\/2023\/10\/logo.svg","width":290,"height":87,"caption":"Pallet Control Tower"},"image":{"@id":"https:\/\/www.palletcontroltower.eu\/#\/schema\/logo\/image\/"}}]}},"_links":{"self":[{"href":"https:\/\/www.palletcontroltower.eu\/pt\/wp-json\/wp\/v2\/actueel\/1216","targetHints":{"allow":["GET"]}}],"collection":[{"href":"https:\/\/www.palletcontroltower.eu\/pt\/wp-json\/wp\/v2\/actueel"}],"about":[{"href":"https:\/\/www.palletcontroltower.eu\/pt\/wp-json\/wp\/v2\/types\/actueel"}],"wp:attachment":[{"href":"https:\/\/www.palletcontroltower.eu\/pt\/wp-json\/wp\/v2\/media?parent=1216"}],"curies":[{"name":"wp","href":"https:\/\/api.w.org\/{rel}","templated":true}]}}